{"id":3291,"date":"2021-09-06T08:30:35","date_gmt":"2021-09-06T08:30:35","guid":{"rendered":"https:\/\/www.rtpr.ro\/stiri\/codul-de-procedura-fiscala-2-0\/"},"modified":"2021-09-16T12:40:25","modified_gmt":"2021-09-16T12:40:25","slug":"codul-de-procedura-fiscala-2-0","status":"publish","type":"post","link":"https:\/\/www.rtpr.ro\/ro\/stiri\/legal-update\/codul-de-procedura-fiscala-2-0\/","title":{"rendered":"Codul de procedur\u0103 fiscal\u0103 2.0"},"content":{"rendered":"<p>Pe data de 31 august 2021 a fost publicat\u0103 \u00een Monitorul Oficial Ordonan\u021ba nr. 11 din 30 august 2021 pentru modificarea \u0219i completarea Legii nr. 207\/2015 privind Codul de procedur\u0103 fiscal\u0103 \u0219i reglementarea unor m\u0103suri fiscale (\u201e<strong>OG 11\/2021<\/strong>\u201d). Aceasta aduce o serie de modific\u0103ri menite s\u0103 digitalizeze interac\u021biunea contribuabililor cu autorit\u0103\u021bile fiscale.<\/p>\n<p><span style=\"color: #b23400;\"><strong>Fi\u0219ierul standard de control fiscal \u2013 O nou\u0103 obliga\u021bie fiscal\u0103<\/strong><\/span><\/p>\n<ul>\n<li><strong>Ce este fi\u0219ierul standard de control fiscal?<\/strong><\/li>\n<\/ul>\n<p>Fi\u0219ierul standard de control fiscal este declara\u021bia cuprinz\u00e2nd informa\u021bii din eviden\u021ba contabil\u0103 \u0219i fiscal\u0103 a contribuabilului\/ pl\u0103titorului, ce trebuie depus\u0103 la organul fiscal central.<\/p>\n<ul>\n<li><strong>Cum se depune fi\u0219ierul standard de control fiscal?<\/strong><\/li>\n<\/ul>\n<p>\u00cen format electronic.<\/p>\n<ul>\n<li><strong>De c\u00e2nd trebuie depus, care este termenul pentru depunere, ce trebuie s\u0103 con\u021bin\u0103 \u0219i care este procedura de transmitere a fi\u0219ierului standard de control fiscal?<\/strong><\/li>\n<\/ul>\n<p>Vom afla aceste informa\u021bii dup\u0103 ce vor fi stabilite prin ordin al pre\u0219edintelui ANAF.<\/p>\n<ul>\n<li><strong>Care va fi sanc\u021biunea \u00een cazul nerespect\u0103rii regulilor privind fi\u0219ierul standard de control fiscal?<\/strong><\/li>\n<\/ul>\n<p>\u00cenc\u0103lcarea dispozi\u021biilor privitoare la fi\u0219ierul standard de control fiscal poate constitui contraven\u021bie \u0219i poate fi sanc\u021bionat\u0103 cu amenda de la minimul de 500 RON p\u00e2n\u0103 la maximul de 5.000 RON.<\/p>\n<p><span style=\"color: #b23400;\"><strong>Ce impact are OG 11\/2021 asupra spa\u021biului privat virtual (\u201eSPV\u201d)?<\/strong><\/span><\/p>\n<ul>\n<li><strong>Cum se vor furniza documentele c\u0103tre ANAF\/ Ministerul Finan\u021belor?<\/strong><\/li>\n<\/ul>\n<p>Informa\u021biile \u0219i documentele furnizate de c\u0103tre persoanele juridice de drept privat c\u0103tre Ministerul Finan\u021belor\/ ANAF se vor furniza doar prin sisteme informatice dedicate.<\/p>\n<ul>\n<li><strong>Cine va avea obliga\u021bia \u00eenrol\u0103rii \u00een SPV?<\/strong><\/li>\n<\/ul>\n<p>Persoanele juridice, asocierile \u0219i alte entit\u0103\u021bi f\u0103r\u0103 personalitate juridic\u0103, precum \u0219i persoanele fizice care desf\u0103\u0219oar\u0103 o profesie liberal\u0103 sau exercit\u0103 o activitate economic\u0103 \u00een mod independent.<\/p>\n<ul>\n<li><strong>De c\u00e2nd va deveni obligatorie \u00eenrolarea \u00een SPV?<\/strong><\/li>\n<\/ul>\n<p>\u00cencep\u00e2nd cu data de 1 martie 2022.<\/p>\n<ul>\n<li><strong>Care va fi sanc\u021biunea depunerii documentelor, \u00eencep\u00e2nd cu data de 1 martie 2022, \u00een format letric?<\/strong><\/li>\n<\/ul>\n<p>\u00censcrisurile sau orice alte documente depuse \u00een format letric nu vor fi luate \u00een considerare, iar contribuabilii\/ pl\u0103titorii vor fi notifica\u021bi cu privire la obliga\u021bia de a le depune electronic.<\/p>\n<p><span style=\"color: #b23400;\"><strong>Ce alte modific\u0103ri relevante aduce OG 11\/2021\u00a0?<\/strong><\/span><\/p>\n<ul>\n<li>Inspec\u021bia fiscal\u0103 va putea fi ref\u0103cut\u0103 de c\u0103tre aceea\u0219i echip\u0103 de inspec\u021bie care a \u00eencheiat actul desfiin\u021bat dac\u0103, din motive obiective, nu exist\u0103 posibilitatea refacerii inspec\u021biei fiscale de c\u0103tre o alt\u0103 echip\u0103 de inspec\u021bie.<\/li>\n<li>Obliga\u021biile fiscale cu termene de plat\u0103 viitoare stabilite \u00een planul de reorganizare judiciar\u0103 aprobat \u0219i confirmat \u00een condi\u021biile legii nu mai sunt considerate restante.<\/li>\n<li>Au fost introduse reguli speciale privind e\u0219alonarea la plat\u0103 a impozitului calculat potrivit regimului fiscal al transferurilor de active, de reziden\u021b\u0103 fiscal\u0103 \u0219i\/ sau de activitate economic\u0103 desf\u0103\u0219urat\u0103 printr-un sediu permanent pentru care Rom\u00e2nia pierde dreptul de impozitare (art. 40<sup>3 <\/sup>din Codul Fiscal).<\/li>\n<li>A fost reglementat\u0103 \u00een am\u0103nunt o procedur\u0103 de e\u0219alonare la plat\u0103, \u00een form\u0103 simplificat\u0103, pentru obliga\u021biile fiscale administrate de organul fiscal central.<\/li>\n<li>Pe perioada st\u0103rii de urgen\u021b\u0103\/ alert\u0103, pentru debitorii a c\u0103ror activitate este restr\u00e2ns\u0103\/ \u00eenchis\u0103 prin hot\u0103r\u00e2ri emise de c\u0103tre organele abilitate ale statului, pot fi suspendate condi\u021biile de men\u021binere a valabilit\u0103\u021bii e\u0219alon\u0103rilor, la cerere, p\u00e2n\u0103 la data la care este reluat\u0103 activitatea.<\/li>\n<li>Pot fi anulate, \u00een anumite condi\u021bii dob\u00e2nzile, penalit\u0103\u021bile \u0219i toate accesoriile aferente obliga\u021biilor bugetare principale administrate de organul fiscal central cu scaden\u021be anterioare datei de 31 martie 2020 dac\u0103:\n<ul>\n<li>au fost individualizate \u00een decizii de impunere emise ca urmare a unei inspec\u021bii fiscale sau verific\u0103rii situa\u021biei fiscale personale \u00eencepute dup\u0103 data intr\u0103rii \u00een vigoare a OUG nr. 69\/2020; sau<\/li>\n<li>au fost individualizate \u00een decizii de impunere emise ca urmare a unei verific\u0103ri documentare \u0219i pentru care s-a comunicat decizia de impunere dup\u0103 data intr\u0103rii \u00een vigoare a OUG nr. 69\/2020.<\/li>\n<\/ul>\n<\/li>\n<\/ul>\n<p>&nbsp;<\/p>\n<p><em>*Aceast\u0103 ePublica\u021bie este furnizat\u0103 de Radu T\u0103r\u0103cil\u0103 P\u0103durari Retevoescu SCA \u00een scop exclusiv de informare \u0219i nu reprezint\u0103 asisten\u021b\u0103 juridic\u0103 sau o ofert\u0103 pentru acordarea de asisten\u021b\u0103 juridic\u0103. Distribuirea acestui document nu d\u0103 na\u0219tere unei rela\u021bii avocat-client. \u00cen cazul \u00een care dori\u021bi s\u0103 solicita\u021bi asisten\u021b\u0103 juridic\u0103 cu privire la oricare dintre aspectele analizate \u00een acest document, v\u0103 rug\u0103m s\u0103 v\u0103 adresa\u021bi persoanei obi\u0219nuite de contact \u00een cadrul Radu T\u0103r\u0103cil\u0103 P\u0103durari Retevoescu SCA la +40 31 405 7777.<\/em><\/p>\n","protected":false},"excerpt":{"rendered":"<p>Pe data de 31 august 2021 a fost publicat\u0103 \u00een Monitorul Oficial Ordonan\u021ba nr. 11 din 30 august 2021 pentru modificarea \u0219i completarea Legii nr. 207\/2015 privind Codul de procedur\u0103 fiscal\u0103 \u0219i reglementarea unor m\u0103suri fiscale (\u201eOG 11\/2021\u201d). Aceasta aduce o serie de modific\u0103ri menite s\u0103 digitalizeze interac\u021biunea contribuabililor cu autorit\u0103\u021bile fiscale. Fi\u0219ierul standard de [&hellip;]<\/p>\n","protected":false},"author":3,"featured_media":2348,"comment_status":"open","ping_status":"closed","sticky":false,"template":"","format":"standard","meta":{"_acf_changed":false,"_monsterinsights_skip_tracking":false,"_monsterinsights_sitenote_active":false,"_monsterinsights_sitenote_note":"","_monsterinsights_sitenote_category":0,"footnotes":""},"categories":[77],"tags":[],"class_list":["post-3291","post","type-post","status-publish","format-standard","has-post-thumbnail","hentry","category-legal-update"],"acf":[],"_links":{"self":[{"href":"https:\/\/www.rtpr.ro\/ro\/wp-json\/wp\/v2\/posts\/3291","targetHints":{"allow":["GET"]}}],"collection":[{"href":"https:\/\/www.rtpr.ro\/ro\/wp-json\/wp\/v2\/posts"}],"about":[{"href":"https:\/\/www.rtpr.ro\/ro\/wp-json\/wp\/v2\/types\/post"}],"author":[{"embeddable":true,"href":"https:\/\/www.rtpr.ro\/ro\/wp-json\/wp\/v2\/users\/3"}],"replies":[{"embeddable":true,"href":"https:\/\/www.rtpr.ro\/ro\/wp-json\/wp\/v2\/comments?post=3291"}],"version-history":[{"count":1,"href":"https:\/\/www.rtpr.ro\/ro\/wp-json\/wp\/v2\/posts\/3291\/revisions"}],"predecessor-version":[{"id":3292,"href":"https:\/\/www.rtpr.ro\/ro\/wp-json\/wp\/v2\/posts\/3291\/revisions\/3292"}],"wp:featuredmedia":[{"embeddable":true,"href":"https:\/\/www.rtpr.ro\/ro\/wp-json\/wp\/v2\/media\/2348"}],"wp:attachment":[{"href":"https:\/\/www.rtpr.ro\/ro\/wp-json\/wp\/v2\/media?parent=3291"}],"wp:term":[{"taxonomy":"category","embeddable":true,"href":"https:\/\/www.rtpr.ro\/ro\/wp-json\/wp\/v2\/categories?post=3291"},{"taxonomy":"post_tag","embeddable":true,"href":"https:\/\/www.rtpr.ro\/ro\/wp-json\/wp\/v2\/tags?post=3291"}],"curies":[{"name":"wp","href":"https:\/\/api.w.org\/{rel}","templated":true}]}}