{"id":2468,"date":"2020-03-24T09:02:12","date_gmt":"2020-03-24T09:02:12","guid":{"rendered":"https:\/\/www.rtpr.ro\/uncategorized-ro\/litigation-proceedings-and-legal-terms-during-the-emergency-state\/"},"modified":"2022-06-28T11:55:54","modified_gmt":"2022-06-28T11:55:54","slug":"litigation-proceedings-and-legal-terms-during-the-emergency-state","status":"publish","type":"post","link":"https:\/\/www.rtpr.ro\/ro\/rtpr-emergency-journal\/litigation-proceedings-and-legal-terms-during-the-emergency-state\/","title":{"rendered":"Despre activitatea instan\u021belor judec\u0103tore\u0219ti, prescrip\u021bii \u0219i dec\u0103deri \u00een perioada st\u0103rii de urgen\u021b\u0103"},"content":{"rendered":"\t\t<div data-elementor-type=\"wp-post\" data-elementor-id=\"2468\" class=\"elementor elementor-2468 elementor-1351\" data-elementor-post-type=\"post\">\n\t\t\t\t\t\t<section class=\"elementor-section elementor-top-section elementor-element elementor-element-55f33210 elementor-section-boxed elementor-section-height-default elementor-section-height-default\" data-id=\"55f33210\" data-element_type=\"section\" data-e-type=\"section\">\n\t\t\t\t\t\t<div class=\"elementor-container elementor-column-gap-default\">\n\t\t\t\t\t<div class=\"elementor-column elementor-col-100 elementor-top-column elementor-element elementor-element-1382a715\" data-id=\"1382a715\" data-element_type=\"column\" data-e-type=\"column\">\n\t\t\t<div class=\"elementor-widget-wrap elementor-element-populated\">\n\t\t\t\t\t\t<div class=\"elementor-element elementor-element-f0524d6 elementor-tabs-view-horizontal elementor-widget elementor-widget-tabs\" data-id=\"f0524d6\" data-element_type=\"widget\" data-e-type=\"widget\" data-widget_type=\"tabs.default\">\n\t\t\t\t<div class=\"elementor-widget-container\">\n\t\t\t\t\t\t\t<div class=\"elementor-tabs\">\n\t\t\t<div class=\"elementor-tabs-wrapper\" role=\"tablist\" >\n\t\t\t\t\t\t\t\t\t<div id=\"elementor-tab-title-2511\" class=\"elementor-tab-title elementor-tab-desktop-title\" aria-selected=\"true\" data-tab=\"1\" role=\"tab\" tabindex=\"0\" aria-controls=\"elementor-tab-content-2511\" aria-expanded=\"false\">Rom\u00e2n\u0103<\/div>\n\t\t\t\t\t\t\t<\/div>\n\t\t\t<div class=\"elementor-tabs-content-wrapper\" role=\"tablist\" aria-orientation=\"vertical\">\n\t\t\t\t\t\t\t\t\t<div class=\"elementor-tab-title elementor-tab-mobile-title\" aria-selected=\"true\" data-tab=\"1\" role=\"tab\" tabindex=\"0\" aria-controls=\"elementor-tab-content-2511\" aria-expanded=\"false\">Rom\u00e2n\u0103<\/div>\n\t\t\t\t\t<div id=\"elementor-tab-content-2511\" class=\"elementor-tab-content elementor-clearfix\" data-tab=\"1\" role=\"tabpanel\" aria-labelledby=\"elementor-tab-title-2511\" tabindex=\"0\" hidden=\"false\"><p style=\"margin-left: 4.5pt; text-indent: 0cm; mso-list: none;\"><span lang=\"RO\">Situa\u021bia actual\u0103, generat\u0103 de epidemia de COVID-19, a impus limit\u0103ri stricte ale interac\u021biunii umane \u00een majoritatea sectoarelor de activitate. Activitatea instan\u021belor judec\u0103tore\u0219ti nu face nici ea excep\u021bie, dat fiind faptul c\u0103 instan\u021bele \u0219i-au limitat \u00een mod semnificativ activitatea at\u00e2t \u00eenainte, c\u00e2t \u0219i dup\u0103 instituirea st\u0103rii de urgen\u021b\u0103 (din 16 martie 2020).<\/span><\/p><p style=\"margin-left: 4.5pt; text-indent: 0cm; mso-list: none;\"><span lang=\"RO\">Decretul Pre\u0219edintelui Rom\u00e2niei privind instituirea st\u0103rii de urgen\u021b\u0103 pe teritoriul Rom\u00e2niei (<b>Decretul<\/b>) impune reguli noi cu impact \u0219i asupra activit\u0103\u021bii instan\u021belor judec\u0103tore\u0219ti, reguli pe care le prezent\u0103m \u00een cele ce urmeaz\u0103.<\/span><\/p><p><!-- [if !supportLists]--><span lang=\"RO\" style=\"mso-fareast-font-family: 'Times New Roman'; color: #b23427; mso-font-kerning: 14.0pt; mso-ansi-language: RO;\"><b>1.<\/b> <\/span><b><span lang=\"RO\" style=\"color: #b23427; mso-font-kerning: 14.0pt; mso-ansi-language: RO;\">Regula general\u0103: suspendarea activit\u0103\u021bii de judecat\u0103 \u0219i a termenelor de prescrip\u021bie \u0219i dec\u0103dere. <\/span><\/b><span lang=\"RO\">Ca regul\u0103 general\u0103, toate litigiile civile (\u00eensemn\u00e2nd, printre altele, litigii comerciale, litigii fiscale, litigii administrative sau litigii privind dreptul familiei), precum \u0219i procesele penale, <\/span><b><span lang=\"RO\">se suspend\u0103 de plin drept<\/span><\/b><span lang=\"RO\"> pe perioada st\u0103rii de urgen\u021b\u0103. Totu\u0219i, \u00een aceast\u0103 perioad\u0103, anumite aspecte procedurale pot fi efectuate, precum redactarea \u0219i comunicarea hot\u0103r\u00e2rilor (\u00eentr-o astfel de situa\u021bie, \u00een mod excep\u021bional, termenul pentru exercitarea c\u0103ii de atac va \u00eencepe s\u0103 curg\u0103 dup\u0103 \u00eencetarea st\u0103rii de urgen\u021b\u0103, \u0219i nu de la comunicarea hot\u0103r\u00e2rii instan\u021bei). Prescrip\u021biile \u0219i termenele de dec\u0103dere de orice fel nu \u00eencep s\u0103 curg\u0103, iar dac\u0103 au \u00eenceput s\u0103 curg\u0103, se suspend\u0103 pe toat\u0103 perioada st\u0103rii de urgen\u021b\u0103 instituite prin Decret.<\/span><\/p><p><b><\/b><b><span lang=\"RO\" style=\"color: #b23427; mso-ansi-language: RO;\">Excep\u021bia: <i>cauzele de urgen\u021b\u0103 deosebit\u0103<\/i>.<\/span><\/b> <span lang=\"RO\">Pe perioada st\u0103rii de urgen\u021b\u0103, instan\u021bele de judecat\u0103 \u00ee\u0219i vor continua activitatea \u00een ceea ce prive\u0219te cauzele considerate <i>de urgen\u021b\u0103 deosebit\u0103<\/i>. \u00cenalta Curte de Casa\u021bie \u0219i Justi\u021bie (pentru cauzele de competen\u021ba acesteia) \u0219i Cur\u021bile de Apel (pentru cauzele de competen\u021ba acestora \u0219i a celor de competen\u021ba instan\u021belor care func\u021bioneaz\u0103 \u00een circumscrip\u021bia lor teritorial\u0103) vor stabili liste cu acele cauze care pot fi considerate <i>de urgen\u021b\u0103 deosebit\u0103<\/i>, at\u00e2t \u00een materie civil\u0103, c\u00e2t \u0219i \u00een materie penal\u0103. Consiliul Superior al Magistraturii a emis o hot\u0103r\u00e2re menit\u0103 s\u0103 asigure o aplicare c\u00e2t mai unitar\u0103 a conceptului de cauze <i>de urgen\u021b\u0103 deosebit\u0103<\/i>, statu\u00e2nd c\u0103 acesta va include acele cauze care sunt apte a genera o pagub\u0103 iminent\u0103, \u00eensemnat\u0103 \u0219i care nu s-ar putea repara ori a c\u0103rei reparare ar fi dificil\u0103 pe viitor.<\/span><\/p><p><span style=\"text-indent: 0cm;\">\u00cen baza actelor emise de \u00cenalta Curte de Casa\u021bie \u0219i Justi\u021bie \u0219i de Curtea de Apel Bucure\u0219ti, tragem concluzia c\u0103 no\u021biunea de cauze <\/span><i style=\"text-indent: 0cm;\">de urgen\u021b\u0103 deosebit\u0103<\/i><span style=\"text-indent: 0cm;\"> acoper\u0103, printre altele: (i) <\/span><b style=\"text-indent: 0cm;\">ordonan\u021bele pre\u0219edin\u021biale<\/b><span style=\"text-indent: 0cm;\">; (ii) <\/span><b style=\"text-indent: 0cm;\">conflictele de competen\u021b\u0103<\/b><span style=\"text-indent: 0cm;\">; (iii) <\/span><b style=\"text-indent: 0cm;\">cererile privind suspendarea execut\u0103rii hot\u0103r\u00e2rilor \u00een materie civil\u0103<\/b><span style=\"text-indent: 0cm;\"> \u0219i (iv) <\/span><b style=\"text-indent: 0cm;\">cauzele ce pot fi solu\u021bionate f\u0103r\u0103 citarea p\u0103r\u021bilor<\/b><span style=\"text-indent: 0cm;\">.<\/span><\/p><p style=\"margin-left: 36.0pt; text-indent: -31.45pt; page-break-after: avoid; mso-list: l2 level1 lfo2;\"><!-- [if !supportLists]--><b><span lang=\"RO\" style=\"mso-fareast-font-family: 'Times New Roman'; color: #b23427; mso-font-kerning: 14.0pt; mso-ansi-language: RO;\">2. <\/span><\/b><b><span lang=\"RO\" style=\"color: #b23427; mso-font-kerning: 14.0pt; mso-ansi-language: RO;\">Aspecte procedurale: citare, \u0219edin\u021be de judecat\u0103 \u0219i comunic\u0103ri<\/span><\/b><\/p><ul><li><span lang=\"RO\">Pe perioada st\u0103rii de urgen\u021b\u0103, instan\u021bele pot cita p\u0103r\u021bile cu mai pu\u021bin de 5 zile \u00eenainte de termenul de judecat\u0103 (av\u00e2nd posibilitatea de a stabili \u0219i ore de citare diferite \u00een cadrul aceleia\u0219i \u0219edin\u021be), pot acorda termene scurte, chiar de la o zi la alta sau pot organiza \u0219edin\u021bele de judecat\u0103 prin intermediul sistemelor de videoconferin\u021b\u0103.<\/span><\/li><li><span lang=\"RO\" style=\"text-indent: -17.85pt;\"><span lang=\"RO\" style=\"text-indent: -17.85pt;\">Instan\u021bele utilizeaz\u0103, \u00een acest moment, doar mijloace de comunicare electronic\u0103, comunic\u00e2nd cu p\u0103r\u021bile fie prin telefon, fie prin e-mail. De asemenea, acestea solicit\u0103 depunerea oric\u0103ror documente prin mijloace de comunicare la distan\u021b\u0103, precum fax sau e-mail. <\/span><\/span><\/li><\/ul><p>\u00a0<\/p><p><em><span lang=\"RO\" style=\"text-indent: -17.85pt;\"><span lang=\"RO\" style=\"text-indent: -17.85pt;\">*<\/span><\/span>Aceast\u0103 ePublica\u021bie este furnizat\u0103 de Radu T\u0103r\u0103cil\u0103 P\u0103durari Retevoescu SCA \u00een scop exclusiv de informare \u0219i nu reprezint\u0103 asisten\u021b\u0103 juridic\u0103 sau o ofert\u0103 pentru acordarea de asisten\u021b\u0103 juridic\u0103. Distribuirea acestui document nu d\u0103 na\u0219tere unei rela\u021bii avocat-client. \u00cen cazul \u00een care dori\u021bi s\u0103 solicita\u021bi asisten\u021b\u0103 juridic\u0103 cu privire la oricare dintre aspectele analizate \u00een acest document, v\u0103 rug\u0103m s\u0103 v\u0103 adresa\u021bi persoanei obi\u0219nuite de contact \u00een cadrul Radu T\u0103r\u0103cil\u0103 P\u0103durari Retevoescu SCA la +40 31 405 7777.<\/em><\/p><\/div>\n\t\t\t\t\t\t\t<\/div>\n\t\t<\/div>\n\t\t\t\t\t\t<\/div>\n\t\t\t\t<\/div>\n\t\t\t\t\t<\/div>\n\t\t<\/div>\n\t\t\t\t\t<\/div>\n\t\t<\/section>\n\t\t\t\t<\/div>\n\t\t","protected":false},"excerpt":{"rendered":"<p>Situa\u021bia actual\u0103, generat\u0103 de epidemia de COVID-19, a impus limit\u0103ri stricte ale interac\u021biunii umane \u00een majoritatea sectoarelor de activitate. Activitatea instan\u021belor judec\u0103tore\u0219ti&#8230;<\/p>\n","protected":false},"author":3,"featured_media":2310,"comment_status":"open","ping_status":"closed","sticky":false,"template":"","format":"standard","meta":{"_acf_changed":false,"_monsterinsights_skip_tracking":false,"_monsterinsights_sitenote_active":false,"_monsterinsights_sitenote_note":"","_monsterinsights_sitenote_category":0,"footnotes":""},"categories":[76],"tags":[],"class_list":["post-2468","post","type-post","status-publish","format-standard","has-post-thumbnail","hentry","category-rtpr-emergency-journal"],"acf":[],"_links":{"self":[{"href":"https:\/\/www.rtpr.ro\/ro\/wp-json\/wp\/v2\/posts\/2468","targetHints":{"allow":["GET"]}}],"collection":[{"href":"https:\/\/www.rtpr.ro\/ro\/wp-json\/wp\/v2\/posts"}],"about":[{"href":"https:\/\/www.rtpr.ro\/ro\/wp-json\/wp\/v2\/types\/post"}],"author":[{"embeddable":true,"href":"https:\/\/www.rtpr.ro\/ro\/wp-json\/wp\/v2\/users\/3"}],"replies":[{"embeddable":true,"href":"https:\/\/www.rtpr.ro\/ro\/wp-json\/wp\/v2\/comments?post=2468"}],"version-history":[{"count":6,"href":"https:\/\/www.rtpr.ro\/ro\/wp-json\/wp\/v2\/posts\/2468\/revisions"}],"predecessor-version":[{"id":3899,"href":"https:\/\/www.rtpr.ro\/ro\/wp-json\/wp\/v2\/posts\/2468\/revisions\/3899"}],"wp:featuredmedia":[{"embeddable":true,"href":"https:\/\/www.rtpr.ro\/ro\/wp-json\/wp\/v2\/media\/2310"}],"wp:attachment":[{"href":"https:\/\/www.rtpr.ro\/ro\/wp-json\/wp\/v2\/media?parent=2468"}],"wp:term":[{"taxonomy":"category","embeddable":true,"href":"https:\/\/www.rtpr.ro\/ro\/wp-json\/wp\/v2\/categories?post=2468"},{"taxonomy":"post_tag","embeddable":true,"href":"https:\/\/www.rtpr.ro\/ro\/wp-json\/wp\/v2\/tags?post=2468"}],"curies":[{"name":"wp","href":"https:\/\/api.w.org\/{rel}","templated":true}]}}