{"id":2442,"date":"2020-04-08T06:55:35","date_gmt":"2020-04-08T06:55:35","guid":{"rendered":"https:\/\/www.rtpr.ro\/uncategorized-ro\/ma-adapting-to-the-covid-19-outbreak-food-for-thought\/"},"modified":"2022-06-27T13:43:13","modified_gmt":"2022-06-27T13:43:13","slug":"ma-adapting-to-the-covid-19-outbreak-food-for-thought","status":"publish","type":"post","link":"https:\/\/www.rtpr.ro\/ro\/rtpr-emergency-journal\/ma-adapting-to-the-covid-19-outbreak-food-for-thought\/","title":{"rendered":"Adaptarea pie\u021bei de M&#038;A la r\u0103sp\u00e2ndirea Covid-19. C\u00e2teva aspecte de avut \u00een vedere"},"content":{"rendered":"\t\t<div data-elementor-type=\"wp-post\" data-elementor-id=\"2442\" class=\"elementor elementor-2442 elementor-1490\" data-elementor-post-type=\"post\">\n\t\t\t\t\t\t<section class=\"elementor-section elementor-top-section elementor-element elementor-element-45428a93 elementor-section-boxed elementor-section-height-default elementor-section-height-default\" data-id=\"45428a93\" data-element_type=\"section\" data-e-type=\"section\">\n\t\t\t\t\t\t<div class=\"elementor-container elementor-column-gap-default\">\n\t\t\t\t\t<div class=\"elementor-column elementor-col-100 elementor-top-column elementor-element elementor-element-7b2d9860\" data-id=\"7b2d9860\" data-element_type=\"column\" data-e-type=\"column\">\n\t\t\t<div class=\"elementor-widget-wrap elementor-element-populated\">\n\t\t\t\t\t\t<div class=\"elementor-element elementor-element-98e0d3a elementor-tabs-view-horizontal elementor-widget elementor-widget-tabs\" data-id=\"98e0d3a\" data-element_type=\"widget\" data-e-type=\"widget\" data-widget_type=\"tabs.default\">\n\t\t\t\t<div class=\"elementor-widget-container\">\n\t\t\t\t\t\t\t<div class=\"elementor-tabs\">\n\t\t\t<div class=\"elementor-tabs-wrapper\" role=\"tablist\" >\n\t\t\t\t\t\t\t\t\t<div id=\"elementor-tab-title-1601\" class=\"elementor-tab-title elementor-tab-desktop-title\" aria-selected=\"true\" data-tab=\"1\" role=\"tab\" tabindex=\"0\" aria-controls=\"elementor-tab-content-1601\" aria-expanded=\"false\">Rom\u00e2n\u0103<\/div>\n\t\t\t\t\t\t\t<\/div>\n\t\t\t<div class=\"elementor-tabs-content-wrapper\" role=\"tablist\" aria-orientation=\"vertical\">\n\t\t\t\t\t\t\t\t\t<div class=\"elementor-tab-title elementor-tab-mobile-title\" aria-selected=\"true\" data-tab=\"1\" role=\"tab\" tabindex=\"0\" aria-controls=\"elementor-tab-content-1601\" aria-expanded=\"false\">Rom\u00e2n\u0103<\/div>\n\t\t\t\t\t<div id=\"elementor-tab-content-1601\" class=\"elementor-tab-content elementor-clearfix\" data-tab=\"1\" role=\"tabpanel\" aria-labelledby=\"elementor-tab-title-1601\" tabindex=\"0\" hidden=\"false\"><p>\u00centr-o perioad\u0103 \u00een care tot mai multe arii sunt afectate de r\u0103sp\u00e2ndirea COVID-19, pia\u021ba de M&amp;A pare c\u0103 urmeaz\u0103 trendul: se adapteaz\u0103. \u00cencepem ast\u0103zi o serie de articole \u00een care vom \u00eencerca s\u0103 eviden\u021biem cum ne-am a\u0219tepta ca arhitectura unei tranzac\u021bii standard de M&amp;A s\u0103 fie (re)modelat\u0103 zilele acestea.<\/p><h3><span style=\"color: #b23400;\">Episodul 1: Ruperea negocierilor \u2013 este r\u0103sp\u00e2ndirea Covid-19 un motiv justificat pentru ruperea negocierilor?<\/span><\/h3><p>Av\u00e2nd \u00een vedere schimb\u0103rile din pia\u021b\u0103, unele dintre tranzac\u021biile \u00een desf\u0103\u0219urare vor fi puse \u00een a\u0219teptare sau pur \u0219i simplu vor fi rupte negocierile privitoare la aceste tranzac\u021bii. De ce? Pentru c\u0103 nimeni nu poate anticipa cu adev\u0103rat evolu\u021bia r\u0103sp\u00e2ndirii Covid-19, at\u00e2t din perspectiva efectelor, c\u00e2t \u0219i din perspectiva orizontului de timp.<\/p><p>Sub rezerva introducerii limbajului adecvat de c\u0103tre consultan\u021bii juridici \u00een orice documente tranzac\u021bionale preliminare (inclusiv draft-uri), indiferent de stadiul \u00een care se afl\u0103 negocierile dintre p\u0103r\u021bi, p\u00e2n\u0103 la momentul semn\u0103rii unui contract cu for\u021b\u0103 juridic\u0103 obligatorie (\u0219i chiar ulterior acestui moment \u00een anumite cazuri, dup\u0103 cum vom detalia \u00een episoadele urm\u0103toare), oricare parte este, \u00een principiu, liber\u0103 s\u0103 se retrag\u0103 din tranzac\u021bie.<\/p><p>\u00cen vreme ce nicio parte nu poate fi for\u021bat\u0103 s\u0103 continue negocierile, o abordare atent\u0103 este de o importan\u021b\u0103 deosebit\u0103 pentru a se asigura respectarea principiului bunei-credin\u021be \u00een negocieri chiar \u0219i \u00een aceste vremuri incerte. O \u00eenc\u0103lcare a principiului men\u021bionat ar putea atrage, \u00een func\u021bie de stadiul tranzac\u021biei \u0219i specificit\u0103\u021bile acesteia, angajarea r\u0103spunderii p\u0103r\u021bii responsabile.<\/p><p>Principiul general al bunei-credin\u021be interzice unei p\u0103r\u021bi s\u0103 ini\u021bieze, s\u0103 continue ori s\u0103 rup\u0103 negocierile cu rea-credin\u021b\u0103. Prin urmare, \u00een timp ce nevoia fiec\u0103rei p\u0103r\u021bi de a \u00ee\u0219i aloca timpul necesar \u0219i de a evalua poten\u021bialul impact al pandemiei asupra intereselor sale de business \u00een leg\u0103tur\u0103 cu tranzac\u021bia avut\u0103 \u00een vedere era complet justificat\u0103 la \u00eenceput, odat\u0103 ce o asemenea evaluare a fost realizat\u0103 \u0219i p\u0103r\u021bile au decis s\u0103 continue negocierile, \u00een m\u0103sura \u00een care nu exist\u0103 noi evolu\u021bii care s\u0103 justifice o schimbare de perspectiv\u0103 (precum noi consecin\u021be ale pandemiei care nu puteau fi prev\u0103zute), p\u0103r\u021bile nu vor mai putea s\u0103 invoce r\u0103sp\u00e2ndirea Covid-19 ca un motiv justificat pentru ruperea negocierilor.<\/p><p>Odat\u0103 ce p\u0103r\u021bile decid (sper\u0103m) c\u0103 tranzac\u021bia ar trebui s\u0103 continue, aten\u021bia se mut\u0103 c\u0103tre<strong> organizarea procesului tranzac\u021bional \u0219i adaptarea documenta\u021biei tranzac\u021bionale la noul mediu comercial<\/strong>, aspecte pe care le vom adresa \u00een urm\u0103toarele episoade. <strong><span style=\"color: #b23400;\">R\u0103m\u00e2ne\u021bi aproape.<\/span><\/strong><\/p><p>\u00a0<\/p><p><em>*Aceast\u0103 ePublica\u021bie este furnizat\u0103 de Radu T\u0103r\u0103cil\u0103 P\u0103durari Retevoescu SCA \u00een scop exclusiv de informare \u0219i nu reprezint\u0103 asisten\u021b\u0103 juridic\u0103 sau o ofert\u0103 pentru acordarea de asisten\u021b\u0103 juridic\u0103. Distribuirea acestui document nu d\u0103 na\u0219tere unei rela\u021bii avocat-client. \u00cen cazul \u00een care dori\u021bi s\u0103 solicita\u021bi asisten\u021b\u0103 juridic\u0103 cu privire la oricare dintre aspectele analizate \u00een acest document, v\u0103 rug\u0103m s\u0103 v\u0103 adresa\u021bi persoanei obi\u0219nuite de contact \u00een cadrul Radu T\u0103r\u0103cil\u0103 P\u0103durari Retevoescu SCA la +40 31 405 7777.<\/em><\/p><\/div>\n\t\t\t\t\t\t\t<\/div>\n\t\t<\/div>\n\t\t\t\t\t\t<\/div>\n\t\t\t\t<\/div>\n\t\t\t\t\t<\/div>\n\t\t<\/div>\n\t\t\t\t\t<\/div>\n\t\t<\/section>\n\t\t\t\t<\/div>\n\t\t","protected":false},"excerpt":{"rendered":"<p>\u00centr-o perioad\u0103 \u00een care tot mai multe arii sunt afectate de r\u0103sp\u00e2ndirea COVID-19, pia\u021ba de M&#038;A pare c\u0103 urmeaz\u0103 trendul: se adapteaz\u0103. \u00cencepem ast\u0103zi o serie de articole\u2026<\/p>\n","protected":false},"author":3,"featured_media":2314,"comment_status":"open","ping_status":"closed","sticky":false,"template":"","format":"standard","meta":{"_acf_changed":false,"_monsterinsights_skip_tracking":false,"_monsterinsights_sitenote_active":false,"_monsterinsights_sitenote_note":"","_monsterinsights_sitenote_category":0,"footnotes":""},"categories":[76],"tags":[],"class_list":["post-2442","post","type-post","status-publish","format-standard","has-post-thumbnail","hentry","category-rtpr-emergency-journal"],"acf":[],"_links":{"self":[{"href":"https:\/\/www.rtpr.ro\/ro\/wp-json\/wp\/v2\/posts\/2442","targetHints":{"allow":["GET"]}}],"collection":[{"href":"https:\/\/www.rtpr.ro\/ro\/wp-json\/wp\/v2\/posts"}],"about":[{"href":"https:\/\/www.rtpr.ro\/ro\/wp-json\/wp\/v2\/types\/post"}],"author":[{"embeddable":true,"href":"https:\/\/www.rtpr.ro\/ro\/wp-json\/wp\/v2\/users\/3"}],"replies":[{"embeddable":true,"href":"https:\/\/www.rtpr.ro\/ro\/wp-json\/wp\/v2\/comments?post=2442"}],"version-history":[{"count":6,"href":"https:\/\/www.rtpr.ro\/ro\/wp-json\/wp\/v2\/posts\/2442\/revisions"}],"predecessor-version":[{"id":3842,"href":"https:\/\/www.rtpr.ro\/ro\/wp-json\/wp\/v2\/posts\/2442\/revisions\/3842"}],"wp:featuredmedia":[{"embeddable":true,"href":"https:\/\/www.rtpr.ro\/ro\/wp-json\/wp\/v2\/media\/2314"}],"wp:attachment":[{"href":"https:\/\/www.rtpr.ro\/ro\/wp-json\/wp\/v2\/media?parent=2442"}],"wp:term":[{"taxonomy":"category","embeddable":true,"href":"https:\/\/www.rtpr.ro\/ro\/wp-json\/wp\/v2\/categories?post=2442"},{"taxonomy":"post_tag","embeddable":true,"href":"https:\/\/www.rtpr.ro\/ro\/wp-json\/wp\/v2\/tags?post=2442"}],"curies":[{"name":"wp","href":"https:\/\/api.w.org\/{rel}","templated":true}]}}