{"id":2427,"date":"2020-04-27T13:46:41","date_gmt":"2020-04-27T13:46:41","guid":{"rendered":"https:\/\/www.rtpr.ro\/uncategorized-ro\/brief-radiography-of-the-litigation-proceedings-during-the-emergency-state\/"},"modified":"2022-06-27T12:38:43","modified_gmt":"2022-06-27T12:38:43","slug":"brief-radiography-of-the-litigation-proceedings-during-the-emergency-state","status":"publish","type":"post","link":"https:\/\/www.rtpr.ro\/ro\/rtpr-emergency-journal\/brief-radiography-of-the-litigation-proceedings-during-the-emergency-state\/","title":{"rendered":"Scurt\u0103 radiografie asupra derul\u0103rii litigiilor pe perioada st\u0103rii de urgen\u021b\u0103"},"content":{"rendered":"\t\t<div data-elementor-type=\"wp-post\" data-elementor-id=\"2427\" class=\"elementor elementor-2427 elementor-1604\" data-elementor-post-type=\"post\">\n\t\t\t\t\t\t<section class=\"elementor-section elementor-top-section elementor-element elementor-element-64e0af1a elementor-section-boxed elementor-section-height-default elementor-section-height-default\" data-id=\"64e0af1a\" data-element_type=\"section\" data-e-type=\"section\">\n\t\t\t\t\t\t<div class=\"elementor-container elementor-column-gap-default\">\n\t\t\t\t\t<div class=\"elementor-column elementor-col-100 elementor-top-column elementor-element elementor-element-babc9a7\" data-id=\"babc9a7\" data-element_type=\"column\" data-e-type=\"column\">\n\t\t\t<div class=\"elementor-widget-wrap elementor-element-populated\">\n\t\t\t\t\t\t<div class=\"elementor-element elementor-element-5834d01 elementor-tabs-view-horizontal elementor-widget elementor-widget-tabs\" data-id=\"5834d01\" data-element_type=\"widget\" data-e-type=\"widget\" data-widget_type=\"tabs.default\">\n\t\t\t\t<div class=\"elementor-widget-container\">\n\t\t\t\t\t\t\t<div class=\"elementor-tabs\">\n\t\t\t<div class=\"elementor-tabs-wrapper\" role=\"tablist\" >\n\t\t\t\t\t\t\t\t\t<div id=\"elementor-tab-title-9241\" class=\"elementor-tab-title elementor-tab-desktop-title\" aria-selected=\"true\" data-tab=\"1\" role=\"tab\" tabindex=\"0\" aria-controls=\"elementor-tab-content-9241\" aria-expanded=\"false\">Rom\u00e2n\u0103<\/div>\n\t\t\t\t\t\t\t<\/div>\n\t\t\t<div class=\"elementor-tabs-content-wrapper\" role=\"tablist\" aria-orientation=\"vertical\">\n\t\t\t\t\t\t\t\t\t<div class=\"elementor-tab-title elementor-tab-mobile-title\" aria-selected=\"true\" data-tab=\"1\" role=\"tab\" tabindex=\"0\" aria-controls=\"elementor-tab-content-9241\" aria-expanded=\"false\">Rom\u00e2n\u0103<\/div>\n\t\t\t\t\t<div id=\"elementor-tab-content-9241\" class=\"elementor-tab-content elementor-clearfix\" data-tab=\"1\" role=\"tabpanel\" aria-labelledby=\"elementor-tab-title-9241\" tabindex=\"0\" hidden=\"false\"><p>Acum aproximativ o lun\u0103 de zile treceam \u00een revist\u0103\u00a0 m\u0103surile proasp\u0103t dispuse cu privire la activitatea de judecat\u0103 pe perioada st\u0103rii de urgen\u021b\u0103. Dup\u0103 aproximativ 6 s\u0103pt\u0103m\u00e2ni de la declararea st\u0103rii de urgen\u021b\u0103, am preg\u0103tit o scurt\u0103 analiz\u0103 a modului \u00een care activitatea instan\u021belor judec\u0103tore\u0219ti a fost afectat\u0103 de aceast\u0103 situa\u021bie, precum \u0219i a impactului unor m\u0103suri adoptate \u00een acest context, care s-ar putea dovedi benefice pe viitor.<\/p><p>Este util s\u0103 men\u021bion\u0103m de la \u00eenceput c\u0103 nu toate instan\u021bele au adoptat acelea\u0219i proceduri \u0219i reguli, unele dintre acestea nefiind \u00een m\u0103sur\u0103 s\u0103 implementeze politicile necesare pentru a-\u0219i eficientiza activitatea pe parcursul acestei perioade.<\/p><p><span style=\"color: #b23400;\"><strong>Instan\u021bele au continuat s\u0103 judece doar cauzele considerate <em>\u201eurgente\u201d<\/em>.<\/strong><\/span> Dup\u0103 cum am eviden\u021biat anterior, instan\u021bele au decis s\u0103 nu suspende judecata \u00een cauzele considerate <em>\u201eurgente\u201d<\/em>. \u00cen continuare red\u0103m c\u00e2teva exemple de cauze pe care instan\u021bele judec\u0103tore\u0219ti le-au considerat urgente: ordonan\u021be pre\u0219edin\u021biale, conflictele de competen\u021b\u0103, suspendarea execut\u0103rii hot\u0103r\u00e2rilor judec\u0103tore\u0219ti, m\u0103suri asiguratorii, suspendarea execut\u0103rii unui act administrativ, cererile de deschidere a procedurii insolven\u021bei formulate de debitor ori cauzele care nu necesit\u0103 prezen\u021ba p\u0103r\u021bilor.<\/p><p>\u00centr-un comunicat emis recent, \u00cenalta Curte de Casa\u021bie \u0219i Justi\u021bie prezint\u0103 un raport al cauzelor judecate \u00een perioada st\u0103rii de urgen\u021b\u0103. Astfel, dintr-un total de aproximativ 2500 de cauze, 1500 au fost suspendate, iar 650 au fost solu\u021bionate.<\/p><p><span style=\"color: #b23400;\"><strong>\u0218edin\u021be de judecat\u0103 online.<\/strong><\/span> For\u021bate de circumstan\u021bele excep\u021bionale, unele dintre instan\u021be (e.g. Tribunalul Bucure\u0219ti) au f\u0103cut un pas \u00eenainte \u0219i au decis s\u0103 implementeze utilizarea unor mijloace moderne de comunicare la distan\u021b\u0103, pentru a respecta m\u0103surile de distan\u021bare social\u0103 impuse de autorit\u0103\u021bi. Una dintre aceste m\u0103suri a fost organizarea de \u0219edin\u021be de judecat\u0103 prin intermediul sistemelor de videoconferin\u021b\u0103 (e.g. Zoom, Skype). Suntem de acord cu implementarea \u00een viitor a unei astfel de solu\u021bii, dat fiind faptul c\u0103 \u00een prezent toate p\u0103r\u021bile din toate dosarele sunt citate pentru aceea\u0219i or\u0103, de diminea\u021b\u0103, la \u00eenceputul \u0219edin\u021bei de judecat\u0103, indiferent de pozi\u021bia dosarului pe lista \u0219edin\u021bei de judecat\u0103, duc\u00e2nd astfel la un timp de a\u0219teptare nejustificat de mare, de aproximativ 4 sau chiar 5 ore.<\/p><p>Credem c\u0103 situa\u021bia actual\u0103 de \u201eanormalitate\u201d a for\u021bat instan\u021bele s\u0103 adopte unele m\u0103suri care, de altfel, sunt normale, actuale \u0219i chiar uzuale \u00een timpurile noastre. Din punctul nostru de vedere, aceast\u0103 situa\u021bie reprezint\u0103 o oportunitate bun\u0103 pentru a digitaliza c\u00e2t mai mult sistemul judiciar prin implementarea la scar\u0103 larg\u0103 a unor diferite solu\u021bii tehnice moderne, precum dosarul electronic, comunic\u0103ri electronice ori \u0219edin\u021be de judecat\u0103 desf\u0103\u0219urate online.<\/p><p><span style=\"color: #b23400;\"><strong>Vacan\u021ba judiciar\u0103 scurtat\u0103.<\/strong> <\/span>Potrivit unui comunicat de pres\u0103 emis recent de c\u0103tre \u00cenalta Curte de Casa\u021bie \u0219i Justi\u021bie, vacan\u021ba judiciar\u0103 care, de regul\u0103, dura dou\u0103 luni \u00een fiecare an (iulie \u0219i august), va fi redus\u0103 \u00een acest an la o lun\u0103 (august). Aceasta nu este doar o consecin\u021b\u0103 a m\u0103surilor impuse pentru combaterea pandemiei Covid-19, dar \u0219i a suspend\u0103rii activit\u0103\u021bii de judecat\u0103 pe parcursul protestelor instan\u021belor de la \u00eenceputul anului 2020, care a afectat semnificativ sistemul judiciar rom\u00e2nesc. Puse \u00eempreun\u0103, aceste situa\u021bii au condus la sistarea activit\u0103\u021bii instan\u021belor judec\u0103tore\u0219ti pentru o perioad\u0103 de aproximativ 4-5 luni.<\/p><p><span style=\"color: #b23400;\"><strong>Concluzii.<\/strong><\/span> Din punctul nostru de vedere, \u00een ultimele s\u0103pt\u0103m\u00e2ni instan\u021bele au avut oportunitatea de a ajunge la zi cu motivarea hot\u0103r\u00e2rilor judec\u0103tore\u0219ti ori cu efectuarea anumitor acte procedurale, care nu implic\u0103 prezen\u021ba p\u0103r\u021bilor, precum efectuarea procedurii de regularizare. Observ\u0103m c\u0103 durata lung\u0103 de motivare a hot\u0103r\u00e2rilor judec\u0103tore\u0219ti (\u00een cazuri excep\u021bionale, aceste perioade dep\u0103\u0219ind chiar \u0219i 2 ani) este justificat\u0103 de c\u0103tre instan\u021bele judec\u0103tore\u0219ti tocmai din prisma gradului ridicat al volumului de munc\u0103. Prin urmare, \u00een aceast\u0103 perioad\u0103 \u00een care judecata majorit\u0103\u021bii cauzelor a fost suspendat\u0103, instan\u021bele au avut posibilitatea de a rezolva aceste aspecte deficitare, pentru a permite sistemului judiciar s\u0103 revin\u0103 rapid la o situa\u021bie normal\u0103, de \u00eendat\u0103 ce vor fi ridicate restric\u021biile. Din nefericire, doar o parte din instan\u021be au f\u0103cut acest lucru!<\/p><p>\u00a0<\/p><p><em>*Aceast\u0103 ePublica\u021bie este furnizat\u0103 de Radu T\u0103r\u0103cil\u0103 P\u0103durari Retevoescu SCA \u00een scop exclusiv de informare \u0219i nu reprezint\u0103 asisten\u021b\u0103 juridic\u0103 sau o ofert\u0103 pentru acordarea de asisten\u021b\u0103 juridic\u0103. Distribuirea acestui document nu d\u0103 na\u0219tere unei rela\u021bii avocat-client. \u00cen cazul \u00een care dori\u021bi s\u0103 solicita\u021bi asisten\u021b\u0103 juridic\u0103 cu privire la oricare dintre aspectele analizate \u00een acest document, v\u0103 rug\u0103m s\u0103 v\u0103 adresa\u021bi persoanei obi\u0219nuite de contact \u00een cadrul Radu T\u0103r\u0103cil\u0103 P\u0103durari Retevoescu SCA la +40 31 405 7777.<\/em><\/p><\/div>\n\t\t\t\t\t\t\t<\/div>\n\t\t<\/div>\n\t\t\t\t\t\t<\/div>\n\t\t\t\t<\/div>\n\t\t\t\t\t<\/div>\n\t\t<\/div>\n\t\t\t\t\t<\/div>\n\t\t<\/section>\n\t\t\t\t<\/div>\n\t\t","protected":false},"excerpt":{"rendered":"<p>Acum aproximativ o lun\u0103 de zile treceam \u00een revist\u0103  m\u0103surile proasp\u0103t dispuse cu privire la activitatea de judecat\u0103 pe perioada st\u0103rii de urgen\u021b\u0103. Dup\u0103 aproximativ 6 s\u0103pt\u0103m\u00e2ni de la declararea st\u0103rii de urgen\u021b\u0103\u2026<\/p>\n","protected":false},"author":3,"featured_media":2327,"comment_status":"open","ping_status":"closed","sticky":false,"template":"","format":"standard","meta":{"_acf_changed":false,"_monsterinsights_skip_tracking":false,"_monsterinsights_sitenote_active":false,"_monsterinsights_sitenote_note":"","_monsterinsights_sitenote_category":0,"footnotes":""},"categories":[76],"tags":[],"class_list":["post-2427","post","type-post","status-publish","format-standard","has-post-thumbnail","hentry","category-rtpr-emergency-journal"],"acf":[],"_links":{"self":[{"href":"https:\/\/www.rtpr.ro\/ro\/wp-json\/wp\/v2\/posts\/2427","targetHints":{"allow":["GET"]}}],"collection":[{"href":"https:\/\/www.rtpr.ro\/ro\/wp-json\/wp\/v2\/posts"}],"about":[{"href":"https:\/\/www.rtpr.ro\/ro\/wp-json\/wp\/v2\/types\/post"}],"author":[{"embeddable":true,"href":"https:\/\/www.rtpr.ro\/ro\/wp-json\/wp\/v2\/users\/3"}],"replies":[{"embeddable":true,"href":"https:\/\/www.rtpr.ro\/ro\/wp-json\/wp\/v2\/comments?post=2427"}],"version-history":[{"count":6,"href":"https:\/\/www.rtpr.ro\/ro\/wp-json\/wp\/v2\/posts\/2427\/revisions"}],"predecessor-version":[{"id":3788,"href":"https:\/\/www.rtpr.ro\/ro\/wp-json\/wp\/v2\/posts\/2427\/revisions\/3788"}],"wp:featuredmedia":[{"embeddable":true,"href":"https:\/\/www.rtpr.ro\/ro\/wp-json\/wp\/v2\/media\/2327"}],"wp:attachment":[{"href":"https:\/\/www.rtpr.ro\/ro\/wp-json\/wp\/v2\/media?parent=2427"}],"wp:term":[{"taxonomy":"category","embeddable":true,"href":"https:\/\/www.rtpr.ro\/ro\/wp-json\/wp\/v2\/categories?post=2427"},{"taxonomy":"post_tag","embeddable":true,"href":"https:\/\/www.rtpr.ro\/ro\/wp-json\/wp\/v2\/tags?post=2427"}],"curies":[{"name":"wp","href":"https:\/\/api.w.org\/{rel}","templated":true}]}}