{"id":2413,"date":"2020-05-08T10:06:28","date_gmt":"2020-05-08T10:06:28","guid":{"rendered":"https:\/\/www.rtpr.ro\/uncategorized-ro\/webinar-economia-incotro-pandemie-sau-pandemonium\/"},"modified":"2022-06-28T14:01:08","modified_gmt":"2022-06-28T14:01:08","slug":"webinar-economia-incotro-pandemie-sau-pandemonium","status":"publish","type":"post","link":"https:\/\/www.rtpr.ro\/ro\/rtpr-emergency-journal\/webinar-economia-incotro-pandemie-sau-pandemonium\/","title":{"rendered":"Webinar: Economia \u00eencotro? Pandemie sau pandemonium"},"content":{"rendered":"<p>11 mai 2020, ora 10.00<\/p>\n<p>Avem pl\u0103cerea de a v\u0103 invita s\u0103 participa\u021bi la o dezbatere online \u00een cadrul c\u0103reia vom aborda teme de interes at\u00e2t din perspectiv\u0103 juridic\u0103 c\u00e2t \u0219i economic\u0103. <span id=\"ember28324\" class=\"ember-view\">Punem \u00een lumin\u0103 \u0219i dezbatem cele mai importante aspecte ale efectelor pandemiei asupra economiei \u0219i mediului de afaceri, de la dreptul muncii, banking, finan\u021b\u0103ri, litigii \u0219i p\u00e2n\u0103 la insolven\u021b\u0103 sau restructur\u0103ri. <\/span><\/p>\n<p><span id=\"ember28324\" class=\"ember-view\">Colegii no\u0219tri <span style=\"color: #b23400;\">Alina St\u0103varu<\/span>, <span style=\"color: #b23400;\">Andreea Burtoiu<\/span>, <span style=\"color: #b23400;\">Poliana Gogu-Naum<\/span> \u0219i <span style=\"color: #b23400;\">Alexandru St\u0103noiu<\/span>, s<span class=\"text_exposed_show\">pecialistul \u00een restructur\u0103ri <span style=\"color: #b23400;\">Speran\u021ba Munteanu<\/span>, Senior Advisor KPMG, precum \u0219i <span style=\"color: #b23400;\">Alexie Alupoaiei<\/span>, Senior Economist, Direc\u021bia Stabilitate Financiar\u0103 din cadrul B\u0103ncii Na\u021bionale a Rom\u00e2niei, ne vor \u00eemp\u0103rt\u0103\u0219i opiniile lor.<\/span><\/span><\/p>\n<p>Dac\u0103 dori\u021bi s\u0103 participa\u021bi, v\u0103 rug\u0103m s\u0103 v\u0103 \u00eenscrie\u021bi pe e-mail la adresa <a href=\"mailto:violeta.serban@rtpr.ro\">violeta.serban@rtpr.ro<\/a>.<\/p>\n","protected":false},"excerpt":{"rendered":"<p>11 mai 2020, ora 10.00 Avem pl\u0103cerea de a v\u0103 invita s\u0103 participa\u021bi la o dezbatere online \u00een cadrul c\u0103reia vom aborda teme de interes at\u00e2t din perspectiv\u0103 juridic\u0103 c\u00e2t \u0219i economic\u0103. Punem \u00een lumin\u0103 \u0219i dezbatem cele mai importante aspecte ale efectelor pandemiei asupra economiei \u0219i mediului de afaceri, de la dreptul muncii, banking, [&hellip;]<\/p>\n","protected":false},"author":3,"featured_media":2329,"comment_status":"open","ping_status":"closed","sticky":false,"template":"","format":"standard","meta":{"_acf_changed":false,"_monsterinsights_skip_tracking":false,"_monsterinsights_sitenote_active":false,"_monsterinsights_sitenote_note":"","_monsterinsights_sitenote_category":0,"footnotes":""},"categories":[76],"tags":[],"class_list":["post-2413","post","type-post","status-publish","format-standard","has-post-thumbnail","hentry","category-rtpr-emergency-journal"],"acf":[],"_links":{"self":[{"href":"https:\/\/www.rtpr.ro\/ro\/wp-json\/wp\/v2\/posts\/2413","targetHints":{"allow":["GET"]}}],"collection":[{"href":"https:\/\/www.rtpr.ro\/ro\/wp-json\/wp\/v2\/posts"}],"about":[{"href":"https:\/\/www.rtpr.ro\/ro\/wp-json\/wp\/v2\/types\/post"}],"author":[{"embeddable":true,"href":"https:\/\/www.rtpr.ro\/ro\/wp-json\/wp\/v2\/users\/3"}],"replies":[{"embeddable":true,"href":"https:\/\/www.rtpr.ro\/ro\/wp-json\/wp\/v2\/comments?post=2413"}],"version-history":[{"count":2,"href":"https:\/\/www.rtpr.ro\/ro\/wp-json\/wp\/v2\/posts\/2413\/revisions"}],"predecessor-version":[{"id":3923,"href":"https:\/\/www.rtpr.ro\/ro\/wp-json\/wp\/v2\/posts\/2413\/revisions\/3923"}],"wp:featuredmedia":[{"embeddable":true,"href":"https:\/\/www.rtpr.ro\/ro\/wp-json\/wp\/v2\/media\/2329"}],"wp:attachment":[{"href":"https:\/\/www.rtpr.ro\/ro\/wp-json\/wp\/v2\/media?parent=2413"}],"wp:term":[{"taxonomy":"category","embeddable":true,"href":"https:\/\/www.rtpr.ro\/ro\/wp-json\/wp\/v2\/categories?post=2413"},{"taxonomy":"post_tag","embeddable":true,"href":"https:\/\/www.rtpr.ro\/ro\/wp-json\/wp\/v2\/tags?post=2413"}],"curies":[{"name":"wp","href":"https:\/\/api.w.org\/{rel}","templated":true}]}}